{"id":29781,"date":"2025-10-07T10:04:22","date_gmt":"2025-10-07T10:04:22","guid":{"rendered":"https:\/\/actelgrup.com\/participen-en-projectes-dinvestigacio-i-desenvolupament-id-dels-grups-operatius\/"},"modified":"2025-11-10T10:29:19","modified_gmt":"2025-11-10T10:29:19","slug":"participen-en-projectes-dinvestigacio-i-desenvolupament-id-dels-grups-operatius","status":"publish","type":"post","link":"https:\/\/actelgrup.com\/ca\/participen-en-projectes-dinvestigacio-i-desenvolupament-id-dels-grups-operatius\/","title":{"rendered":"Participen en projectes d&#8217;Investigaci\u00f3 i Desenvolupament (I+D) dels Grups Operatius"},"content":{"rendered":"\n<p>A ActelGrup seguim compromesos amb la innovaci\u00f3 i la sostenibilitat del sector agroalimentari. Per aix\u00f2, participem activament en projectes d&#8217;Investigaci\u00f3 i Desenvolupament (I+D) dels Grups Operatius, que busquen donar resposta als grans reptes mediambientals i productius del camp.<\/p>\n\n<p>Un d&#8217;aquests projectes t\u00e9 com a objectiu principal impulsar una cadena de valor integrada i sostenible basada en el cultiu de la fava, un cultiu amb un alt potencial per diversificar les rotacions, millorar la fertilitat del s\u00f2l i reduir la depend\u00e8ncia de les importacions de prote\u00efna vegetal.<\/p>\n\n<p>El prop\u00f2sit? Millorar l&#8217;orientaci\u00f3 al mercat i augmentar la competitivitat de les explotacions agr\u00edcoles, tant a curt com a llarg termini. Tot a trav\u00e9s d&#8217;una major aposta per la investigaci\u00f3, la tecnologia i la digitalitzaci\u00f3, claus per avan\u00e7ar cap a una agricultura m\u00e9s eficient i sostenible.<\/p>\n\n<p>Amb iniciatives com aquesta, a ActelGrup reafirmem el nostre comprom\u00eds amb el progr\u00e9s del sector i amb un futur m\u00e9s verd, innovador i responsable.<\/p>\n","protected":false},"excerpt":{"rendered":"<p>A ActelGrup seguim compromesos amb la innovaci\u00f3 i la sostenibilitat del sector agroalimentari. Per aix\u00f2, participem activament en projectes d&#8217;Investigaci\u00f3 i Desenvolupament (I+D) dels Grups Operatius, que busquen donar resposta als grans reptes mediambientals i productius del camp. Un d&#8217;aquests projectes t\u00e9 com a objectiu principal impulsar una cadena de valor integrada i sostenible basada [&hellip;]<\/p>\n","protected":false},"author":3,"featured_media":29777,"comment_status":"closed","ping_status":"closed","sticky":false,"template":"","format":"standard","meta":{"_acf_changed":false,"_monsterinsights_skip_tracking":false,"_monsterinsights_sitenote_active":false,"_monsterinsights_sitenote_note":"","_monsterinsights_sitenote_category":0,"footnotes":""},"categories":[58],"tags":[],"class_list":["post-29781","post","type-post","status-publish","format-standard","has-post-thumbnail","hentry","category-uncategorized-ca"],"acf":[],"_links":{"self":[{"href":"https:\/\/actelgrup.com\/ca\/wp-json\/wp\/v2\/posts\/29781","targetHints":{"allow":["GET"]}}],"collection":[{"href":"https:\/\/actelgrup.com\/ca\/wp-json\/wp\/v2\/posts"}],"about":[{"href":"https:\/\/actelgrup.com\/ca\/wp-json\/wp\/v2\/types\/post"}],"author":[{"embeddable":true,"href":"https:\/\/actelgrup.com\/ca\/wp-json\/wp\/v2\/users\/3"}],"replies":[{"embeddable":true,"href":"https:\/\/actelgrup.com\/ca\/wp-json\/wp\/v2\/comments?post=29781"}],"version-history":[{"count":1,"href":"https:\/\/actelgrup.com\/ca\/wp-json\/wp\/v2\/posts\/29781\/revisions"}],"predecessor-version":[{"id":29782,"href":"https:\/\/actelgrup.com\/ca\/wp-json\/wp\/v2\/posts\/29781\/revisions\/29782"}],"wp:featuredmedia":[{"embeddable":true,"href":"https:\/\/actelgrup.com\/ca\/wp-json\/wp\/v2\/media\/29777"}],"wp:attachment":[{"href":"https:\/\/actelgrup.com\/ca\/wp-json\/wp\/v2\/media?parent=29781"}],"wp:term":[{"taxonomy":"category","embeddable":true,"href":"https:\/\/actelgrup.com\/ca\/wp-json\/wp\/v2\/categories?post=29781"},{"taxonomy":"post_tag","embeddable":true,"href":"https:\/\/actelgrup.com\/ca\/wp-json\/wp\/v2\/tags?post=29781"}],"curies":[{"name":"wp","href":"https:\/\/api.w.org\/{rel}","templated":true}]}}